{"id":364,"date":"2010-12-26T23:21:40","date_gmt":"2010-12-26T22:21:40","guid":{"rendered":"http:\/\/www.xcep.net\/blog\/?p=364"},"modified":"2010-12-27T13:57:28","modified_gmt":"2010-12-27T12:57:28","slug":"munsteraner-student-vermisst","status":"publish","type":"post","link":"https:\/\/www.xcep.net\/blog\/munsteraner-student-vermisst\/","title":{"rendered":"M\u00fcnsteraner Student vermisst"},"content":{"rendered":"<p>Seit dem 24.12.2010 wird Kristoffer Bernzen aus M\u00fcnster (24 Jahre) vermisst.<br \/>\nEr wurde zuletzt in den fr\u00fchen Morgenstunden (ca. 5:00) im Bereich B\u00fclt\/Atelier Bar gesehen. Seit dem fehlt von ihm jede Spur.<\/p>\n<p>Kristoffer Bernzen ist 1,97 Meter gro\u00df, schlank, hat etwas l\u00e4ngere, blonde Locken und tr\u00e4gt wahrscheinlich eine Hornbrille. In der Nacht zu Heiligabend war er sportlich gekleidet, trug blaue Jeans, einen hellblauen Pullover, eine dunkle Jacke sowie eine blaue, gestreifte Wollm\u00fctze.<\/p>\n<p>Wahrscheinlich hat er sich nach dem Verlassen der Atielier Bar vom B\u00fclt aus in Richtung M\u00fcnster Mauritz auf den Weg gemacht.<\/p>\n<p>Die Polizei M\u00fcnster geht momentan von einem Ungl\u00fccksfall aus und hat bereits Suchaktionen in einem Waldgebiet und im Bereich des Kanals gestartet &#8211; leider bislang ohne Erfolg.<\/p>\n<p>Freunde von Kristoffer versuchen mit Flyern, Zeitungsartikeln und Gruppen in sozialen Netzwerken die Bev\u00f6lkerung auf diesen Fall aufmerksam zu machen und erhoffen sich dadurch an Hinweise aus der Bev\u00f6lkerung zu gelangen sowie zur Mithilfe aufzurufen.<\/p>\n<p>Falls Sie Hinweise \u00fcber den Verbleib von Kristoffer haben:<\/p>\n<p>Kriminalpolizei M\u00fcnster unter 0251-275-2222<br \/>\n<a title=\"http:\/\/www.facebook.com\/home.php?sk=group_113658845374710\" href=\"http:\/\/www.facebook.com\/home.php?sk=group_113658845374710\" target=\"_blank\">Facebook &#8222;M\u00dcNSTERANER STUDENT VERMISST&#8220;<\/a><br \/>\n<a title=\"http:\/\/www.krissi-ist-weg.de\" href=\"http:\/\/www.krissi-ist-weg.de\" target=\"_blank\">www.krissi-ist-weg.de<\/a><\/p>\n<p><a title=\"http:\/\/xcep.net\/files\/vermisst_flyer.pdf\" href=\"http:\/\/xcep.net\/files\/vermisst_flyer.pdf\" target=\"_blank\">Flyer Download<\/a><\/p>\n<p><object classid=\"clsid:d27cdb6e-ae6d-11cf-96b8-444553540000\" width=\"425\" height=\"350\" codebase=\"http:\/\/download.macromedia.com\/pub\/shockwave\/cabs\/flash\/swflash.cab#version=6,0,40,0\"><param name=\"src\" value=\"http:\/\/www.youtube.com\/v\/pB9RwpyPbGo\" \/><embed type=\"application\/x-shockwave-flash\" width=\"425\" height=\"350\" src=\"http:\/\/www.youtube.com\/v\/pB9RwpyPbGo\"><\/embed><\/object><\/p>\n","protected":false},"excerpt":{"rendered":"<p>Seit dem 24.12.2010 wird Kristoffer Bernzen aus M\u00fcnster (24 Jahre) vermisst. Er wurde zuletzt in den fr\u00fchen Morgenstunden (ca. 5:00) im Bereich B\u00fclt\/Atelier Bar gesehen. Seit dem fehlt von ihm jede Spur. Kristoffer Bernzen ist 1,97 Meter gro\u00df, schlank, hat etwas l\u00e4ngere, blonde Locken und tr\u00e4gt wahrscheinlich eine Hornbrille. In der Nacht zu Heiligabend war [&hellip;]<\/p>\n","protected":false},"author":1,"featured_media":0,"comment_status":"open","ping_status":"open","sticky":false,"template":"","format":"standard","meta":[],"categories":[1],"tags":[340,342,343,339,344,345,341,338,8,336,337],"_links":{"self":[{"href":"https:\/\/www.xcep.net\/blog\/wp-json\/wp\/v2\/posts\/364"}],"collection":[{"href":"https:\/\/www.xcep.net\/blog\/wp-json\/wp\/v2\/posts"}],"about":[{"href":"https:\/\/www.xcep.net\/blog\/wp-json\/wp\/v2\/types\/post"}],"author":[{"embeddable":true,"href":"https:\/\/www.xcep.net\/blog\/wp-json\/wp\/v2\/users\/1"}],"replies":[{"embeddable":true,"href":"https:\/\/www.xcep.net\/blog\/wp-json\/wp\/v2\/comments?post=364"}],"version-history":[{"count":6,"href":"https:\/\/www.xcep.net\/blog\/wp-json\/wp\/v2\/posts\/364\/revisions"}],"predecessor-version":[{"id":368,"href":"https:\/\/www.xcep.net\/blog\/wp-json\/wp\/v2\/posts\/364\/revisions\/368"}],"wp:attachment":[{"href":"https:\/\/www.xcep.net\/blog\/wp-json\/wp\/v2\/media?parent=364"}],"wp:term":[{"taxonomy":"category","embeddable":true,"href":"https:\/\/www.xcep.net\/blog\/wp-json\/wp\/v2\/categories?post=364"},{"taxonomy":"post_tag","embeddable":true,"href":"https:\/\/www.xcep.net\/blog\/wp-json\/wp\/v2\/tags?post=364"}],"curies":[{"name":"wp","href":"https:\/\/api.w.org\/{rel}","templated":true}]}}